{"id":1314,"date":"2023-11-08T11:00:00","date_gmt":"2023-11-08T10:00:00","guid":{"rendered":"https:\/\/aifs.auf.org\/?p=1314"},"modified":"2023-11-10T11:02:02","modified_gmt":"2023-11-10T10:02:02","slug":"semaine-mondiale-de-la-francophonie-scientifique","status":"publish","type":"post","link":"https:\/\/aifs.auf.org\/index.php\/2023\/11\/08\/semaine-mondiale-de-la-francophonie-scientifique\/","title":{"rendered":"Semaine mondiale de la francophonie scientifique"},"content":{"rendered":"\n<p>Du 30 octobre au 3 novembre 2023, \u00e0 Qu\u00e9bec, le Directeur g\u00e9n\u00e9ral de l\u2019Acad\u00e9mie internationale de la Francophonie scientifique (AIFS), M. Adel Jarboui, a particip\u00e9 \u00e0 la Semaine mondiale de la francophonie scientifique organis\u00e9e par l\u2019AUF en collaboration avec le Gouvernement du Qu\u00e9bec.<\/p>\n\n\n\n<p>En marge des nombreuses activit\u00e9s de la SMFS, M. Jarboui a eu l\u2019occasion de mener plusieurs r\u00e9unions avec des acteurs majeurs de la Francophonie scientifique&nbsp;:<\/p>\n\n\n\n<ul><li>Avec Mme Sophie Montreuil (Directrice g\u00e9n\u00e9rale de l&rsquo;ACFAS)&nbsp;et M. Martin Maltais (Administrateur de l\u2019ACFAS)&nbsp;autour d\u2019opportunit\u00e9s de coop\u00e9ration entre l&rsquo;AIFS et l&rsquo;ACFAS&nbsp;;<\/li><li>Avec M. R\u00e9my Quirion (Scientifique en chef du Qu\u00e9bec) afin de d\u00e9velopper des axes de coop\u00e9ration visant la valorisation des publications et de la recherche en langue fran\u00e7aise&nbsp;;<\/li><li>Avec Mme Maria Bonnafous-Boucher (directrice du d\u00e9partement Europe et International du Hc\u00e9res) et M. Denis Rousseau (Pr\u00e9sident de la Commission d\u2019\u00e9valuation de l\u2019enseignement coll\u00e9gial-Qu\u00e9bec, agence qui coordonne actuellement le r\u00e9seau francophone des Agences Qualit\u00e9, le FrAQ-Sup) autour des probl\u00e9matiques li\u00e9es \u00e0 la gouvernance universitaire francophone.<\/li><\/ul>\n\n\n\n<div class=\"wp-block-image\"><figure class=\"aligncenter size-full is-resized\"><img fetchpriority=\"high\" decoding=\"async\" src=\"https:\/\/aifs.auf.org\/wp-content\/uploads\/2023\/11\/AUF_ILLUSTRATION-SMFS-2023-1024x724-1.png\" alt=\"\" class=\"wp-image-1318\" width=\"512\" height=\"362\" srcset=\"https:\/\/aifs.auf.org\/wp-content\/uploads\/2023\/11\/AUF_ILLUSTRATION-SMFS-2023-1024x724-1.png 1024w, https:\/\/aifs.auf.org\/wp-content\/uploads\/2023\/11\/AUF_ILLUSTRATION-SMFS-2023-1024x724-1-300x212.png 300w, https:\/\/aifs.auf.org\/wp-content\/uploads\/2023\/11\/AUF_ILLUSTRATION-SMFS-2023-1024x724-1-768x543.png 768w\" sizes=\"(max-width: 512px) 100vw, 512px\" \/><\/figure><\/div>\n","protected":false},"excerpt":{"rendered":"<p>Du 30 octobre au 3 novembre 2023, \u00e0 Qu\u00e9bec, le Directeur g\u00e9n\u00e9ral de l\u2019Acad\u00e9mie internationale de la Francophonie scientifique (AIFS), M. Adel Jarboui, a particip\u00e9 \u00e0 la Semaine mondiale de la francophonie scientifique organis\u00e9e par l\u2019AUF en collaboration avec le Gouvernement du Qu\u00e9bec. En marge des nombreuses activit\u00e9s de la SMFS, M. Jarboui a eu&hellip;&nbsp;<a href=\"https:\/\/aifs.auf.org\/index.php\/2023\/11\/08\/semaine-mondiale-de-la-francophonie-scientifique\/\" rel=\"bookmark\">Lire la suite &raquo;<span class=\"screen-reader-text\">Semaine mondiale de la francophonie scientifique<\/span><\/a><\/p>\n","protected":false},"author":4,"featured_media":1315,"comment_status":"open","ping_status":"open","sticky":false,"template":"","format":"standard","meta":{"neve_meta_sidebar":"","neve_meta_container":"","neve_meta_enable_content_width":"","neve_meta_content_width":0,"neve_meta_title_alignment":"","neve_meta_author_avatar":"","neve_post_elements_order":"","neve_meta_disable_header":"","neve_meta_disable_footer":"","neve_meta_disable_title":""},"categories":[1],"tags":[],"_links":{"self":[{"href":"https:\/\/aifs.auf.org\/index.php\/wp-json\/wp\/v2\/posts\/1314"}],"collection":[{"href":"https:\/\/aifs.auf.org\/index.php\/wp-json\/wp\/v2\/posts"}],"about":[{"href":"https:\/\/aifs.auf.org\/index.php\/wp-json\/wp\/v2\/types\/post"}],"author":[{"embeddable":true,"href":"https:\/\/aifs.auf.org\/index.php\/wp-json\/wp\/v2\/users\/4"}],"replies":[{"embeddable":true,"href":"https:\/\/aifs.auf.org\/index.php\/wp-json\/wp\/v2\/comments?post=1314"}],"version-history":[{"count":2,"href":"https:\/\/aifs.auf.org\/index.php\/wp-json\/wp\/v2\/posts\/1314\/revisions"}],"predecessor-version":[{"id":1320,"href":"https:\/\/aifs.auf.org\/index.php\/wp-json\/wp\/v2\/posts\/1314\/revisions\/1320"}],"wp:featuredmedia":[{"embeddable":true,"href":"https:\/\/aifs.auf.org\/index.php\/wp-json\/wp\/v2\/media\/1315"}],"wp:attachment":[{"href":"https:\/\/aifs.auf.org\/index.php\/wp-json\/wp\/v2\/media?parent=1314"}],"wp:term":[{"taxonomy":"category","embeddable":true,"href":"https:\/\/aifs.auf.org\/index.php\/wp-json\/wp\/v2\/categories?post=1314"},{"taxonomy":"post_tag","embeddable":true,"href":"https:\/\/aifs.auf.org\/index.php\/wp-json\/wp\/v2\/tags?post=1314"}],"curies":[{"name":"wp","href":"https:\/\/api.w.org\/{rel}","templated":true}]}}