{"id":1263,"date":"2023-03-21T11:22:00","date_gmt":"2023-03-21T10:22:00","guid":{"rendered":"https:\/\/aifs.auf.org\/?p=1263"},"modified":"2023-11-02T14:44:35","modified_gmt":"2023-11-02T13:44:35","slug":"inauguration-de-laifs","status":"publish","type":"post","link":"https:\/\/aifs.auf.org\/index.php\/2023\/03\/21\/inauguration-de-laifs\/","title":{"rendered":"Inauguration de l&rsquo;AIFS"},"content":{"rendered":"\n<h4 class=\"has-neve-link-color-color has-text-color\">Retour en images sur l&rsquo;inauguration de l&rsquo;Acad\u00e9mie Internationale de la Francophonie Scientifique 21 mars 2023, Rabat &#8211; Maroc<br><br><\/h4>\n\n\n\n<figure class=\"wp-block-embed aligncenter is-type-video is-provider-youtube wp-block-embed-youtube wp-embed-aspect-16-9 wp-has-aspect-ratio\"><div class=\"wp-block-embed__wrapper\">\n<div class=\"nv-iframe-embed\"><iframe title=\"Retour en images sur l&#039;inauguration de l&#039;Acad\u00e9mie Internationale de la Francophonie Scientifique\" width=\"1200\" height=\"675\" src=\"https:\/\/www.youtube.com\/embed\/hjIzWX4e878?feature=oembed\" frameborder=\"0\" allow=\"accelerometer; autoplay; clipboard-write; encrypted-media; gyroscope; picture-in-picture; web-share\" allowfullscreen><\/iframe><\/div>\n<\/div><\/figure>\n\n\n\n<hr class=\"wp-block-separator has-text-color has-background has-nv-text-dark-bg-background-color has-nv-text-dark-bg-color\"\/>\n\n\n\n<div style=\"height:50px\" aria-hidden=\"true\" class=\"wp-block-spacer\"><\/div>\n\n\n\n<h4>\u00c9v\u00e8nement en pr\u00e9sence de :<\/h4>\n\n\n\n<blockquote class=\"wp-block-quote\"><p><strong>Dr Adel JARBOUI<\/strong>&nbsp;\u2013 Directeur G\u00e9n\u00e9ral de l\u2019Acad\u00e9mie Internationale de la Francophonie Scientifique &nbsp;<strong><a href=\"https:\/\/youtu.be\/E4IYSww_XlY?list=PLZ_pEg029575_MWmXdSAzZD5Ve81TkGns\" target=\"_blank\" rel=\"noreferrer noopener\">Voir l\u2019intervention<\/a><\/strong><\/p><\/blockquote>\n\n\n\n<blockquote class=\"wp-block-quote\"><p><strong><strong>Pr. Sorin Mihai C\u00ceMPEANU<\/strong>&nbsp;\u2013 <\/strong>Pr\u00e9sident de l\u2019AUF<strong>&nbsp;&nbsp;<strong><a rel=\"noreferrer noopener\" href=\"https:\/\/youtu.be\/-LxVa8LgEqM?list=PLZ_pEg029575_MWmXdSAzZD5Ve81TkGns\" target=\"_blank\">Voir l\u2019intervention<\/a><\/strong><\/strong><\/p><\/blockquote>\n\n\n\n<blockquote class=\"wp-block-quote\"><p><strong><strong>Pr. Abdellatif MIRAOUI<\/strong>,&nbsp;<\/strong>Ministre de l\u2019Enseignement Sup\u00e9rieur, de la Recherche Scientifique, de l\u2019Innovation du Maroc <strong>&nbsp;<strong><a rel=\"noreferrer noopener\" href=\"https:\/\/youtu.be\/A4OTMOQb_QQ?list=PLZ_pEg029575_MWmXdSAzZD5Ve81TkGns\" target=\"_blank\">Voir l\u2019intervention<\/a><\/strong><\/strong><\/p><\/blockquote>\n\n\n\n<blockquote class=\"wp-block-quote\"><p><strong><strong>Pr. Mohamed ESSAOURI<\/strong>,&nbsp;<\/strong>Repr\u00e9sentant du Secr\u00e9taire Perp\u00e9tuel de l\u2019Acad\u00e9mie du Royaume du Maroc<strong> &nbsp;<strong><a rel=\"noreferrer noopener\" href=\"https:\/\/youtu.be\/KN_9_WYSpGI?list=PLZ_pEg029575_MWmXdSAzZD5Ve81TkGns\" target=\"_blank\">Voir l\u2019intervention<\/a><\/strong><\/strong><\/p><\/blockquote>\n\n\n\n<blockquote class=\"wp-block-quote\"><p><strong><strong>Mme Haoua ACYL<\/strong>,<\/strong>&nbsp;Repr\u00e9sentante de l\u2019Organisation Internationale de la Francophonie pour l\u2019Afrique du Nord, mandat\u00e9e par la SG Mushikiwabo<strong>&nbsp;<strong><a rel=\"noreferrer noopener\" href=\"https:\/\/youtu.be\/dH1M2HlUaio?list=PLZ_pEg029575_MWmXdSAzZD5Ve81TkGns\" target=\"_blank\">Voir l\u2019intervention<\/a><\/strong><\/strong><\/p><\/blockquote>\n\n\n\n<blockquote class=\"wp-block-quote\"><p><strong><strong><strong>Pr. Thierry COULHON<\/strong>,&nbsp;Pr\u00e9sident du Haut Conseil de l\u2019\u00c9valuation de la Recherche et de l\u2019Enseignement Sup\u00e9rieur&nbsp;&nbsp;&nbsp;<strong><a rel=\"noreferrer noopener\" href=\"https:\/\/youtu.be\/4-Fp_ULEOVc?list=PLZ_pEg029575_MWmXdSAzZD5Ve81TkGns\" target=\"_blank\">Voir l\u2019intervention<\/a><\/strong><\/strong><\/strong><\/p><\/blockquote>\n\n\n\n<blockquote class=\"wp-block-quote\"><p><strong><strong><strong>Dr Val\u00e9rie VERDIER<\/strong>,&nbsp;<\/strong><\/strong>Pr\u00e9sidente-Directrice G\u00e9n\u00e9rale de l\u2019Institut de Recherche pour le D\u00e9veloppement&nbsp;&nbsp;<strong><strong><strong><a rel=\"noreferrer noopener\" href=\"https:\/\/youtu.be\/1ZmHfQVdGtY?list=PLZ_pEg029575_MWmXdSAzZD5Ve81TkGns\" target=\"_blank\">Voir l\u2019intervention<\/a><\/strong><\/strong><\/strong><\/p><\/blockquote>\n\n\n\n<blockquote class=\"wp-block-quote\"><p><strong><strong><strong>Dr Val\u00e9rie VERDIER<\/strong>,&nbsp;<\/strong><\/strong>Pr\u00e9sidente-Directrice G\u00e9n\u00e9rale de l\u2019Institut de Recherche pour le D\u00e9veloppement&nbsp;<strong><strong>&nbsp;<strong><a rel=\"noreferrer noopener\" href=\"https:\/\/youtu.be\/1ZmHfQVdGtY?list=PLZ_pEg029575_MWmXdSAzZD5Ve81TkGns\" target=\"_blank\">Voir l\u2019intervention<\/a><\/strong><\/strong><\/strong><\/p><\/blockquote>\n\n\n\n<blockquote class=\"wp-block-quote\"><p><strong><strong><strong><strong>Pr. Slim KHALBOUS<\/strong>, <\/strong><\/strong><\/strong>Recteur de l\u2019AUF<strong><strong><strong> &nbsp;<strong><a rel=\"noreferrer noopener\" href=\"https:\/\/youtu.be\/TQT3To8QG1Q?list=PLZ_pEg029575_MWmXdSAzZD5Ve81TkGns\" target=\"_blank\">Voir l\u2019intervention<\/a><\/strong><\/strong><\/strong><\/strong><\/p><\/blockquote>\n","protected":false},"excerpt":{"rendered":"<p>Retour en images sur l&rsquo;inauguration de l&rsquo;Acad\u00e9mie Internationale de la Francophonie Scientifique 21 mars 2023, Rabat &#8211; Maroc \u00c9v\u00e8nement en pr\u00e9sence de : Dr Adel JARBOUI&nbsp;\u2013 Directeur G\u00e9n\u00e9ral de l\u2019Acad\u00e9mie Internationale de la Francophonie Scientifique &nbsp;Voir l\u2019intervention Pr. Sorin Mihai C\u00ceMPEANU&nbsp;\u2013 Pr\u00e9sident de l\u2019AUF&nbsp;&nbsp;Voir l\u2019intervention Pr. Abdellatif MIRAOUI,&nbsp;Ministre de l\u2019Enseignement Sup\u00e9rieur, de la Recherche Scientifique,&hellip;&nbsp;<a href=\"https:\/\/aifs.auf.org\/index.php\/2023\/03\/21\/inauguration-de-laifs\/\" rel=\"bookmark\">Lire la suite &raquo;<span class=\"screen-reader-text\">Inauguration de l&rsquo;AIFS<\/span><\/a><\/p>\n","protected":false},"author":2,"featured_media":1278,"comment_status":"open","ping_status":"open","sticky":false,"template":"","format":"standard","meta":{"neve_meta_sidebar":"","neve_meta_container":"","neve_meta_enable_content_width":"","neve_meta_content_width":0,"neve_meta_title_alignment":"","neve_meta_author_avatar":"","neve_post_elements_order":"","neve_meta_disable_header":"","neve_meta_disable_footer":"","neve_meta_disable_title":""},"categories":[1],"tags":[],"_links":{"self":[{"href":"https:\/\/aifs.auf.org\/index.php\/wp-json\/wp\/v2\/posts\/1263"}],"collection":[{"href":"https:\/\/aifs.auf.org\/index.php\/wp-json\/wp\/v2\/posts"}],"about":[{"href":"https:\/\/aifs.auf.org\/index.php\/wp-json\/wp\/v2\/types\/post"}],"author":[{"embeddable":true,"href":"https:\/\/aifs.auf.org\/index.php\/wp-json\/wp\/v2\/users\/2"}],"replies":[{"embeddable":true,"href":"https:\/\/aifs.auf.org\/index.php\/wp-json\/wp\/v2\/comments?post=1263"}],"version-history":[{"count":4,"href":"https:\/\/aifs.auf.org\/index.php\/wp-json\/wp\/v2\/posts\/1263\/revisions"}],"predecessor-version":[{"id":1303,"href":"https:\/\/aifs.auf.org\/index.php\/wp-json\/wp\/v2\/posts\/1263\/revisions\/1303"}],"wp:featuredmedia":[{"embeddable":true,"href":"https:\/\/aifs.auf.org\/index.php\/wp-json\/wp\/v2\/media\/1278"}],"wp:attachment":[{"href":"https:\/\/aifs.auf.org\/index.php\/wp-json\/wp\/v2\/media?parent=1263"}],"wp:term":[{"taxonomy":"category","embeddable":true,"href":"https:\/\/aifs.auf.org\/index.php\/wp-json\/wp\/v2\/categories?post=1263"},{"taxonomy":"post_tag","embeddable":true,"href":"https:\/\/aifs.auf.org\/index.php\/wp-json\/wp\/v2\/tags?post=1263"}],"curies":[{"name":"wp","href":"https:\/\/api.w.org\/{rel}","templated":true}]}}